{"id":6532,"date":"2024-10-30T16:22:55","date_gmt":"2024-10-30T15:22:55","guid":{"rendered":"https:\/\/psiquiatricocali.gov.co\/wp\/?p=6532"},"modified":"2024-10-30T16:22:55","modified_gmt":"2024-10-30T15:22:55","slug":"participamos-del-evento-agenda-paralela-cop16","status":"publish","type":"post","link":"https:\/\/psiquiatricocali.gov.co\/wp\/participamos-del-evento-agenda-paralela-cop16\/","title":{"rendered":"Participamos del evento Agenda Paralela COP16"},"content":{"rendered":"<p>Con gran satisfacci\u00f3n, culminamos el evento Agenda Paralela COP16, que se llev\u00f3 a cabo del 23 al 26 de octubre de 2024 en las instalaciones del Club del Departamento de la Gobernaci\u00f3n del Valle. Durante estos d\u00edas, contamos con la destacada participaci\u00f3n de ambientalistas, profesores, l\u00edderes de la comunidad, congresistas y el Director de Planeaci\u00f3n Nacional, adem\u00e1s de nuestra gerente, la Dra. Mar\u00eda Fernanda Burgos Castillo, quien particip\u00f3 como ponente y abord\u00f3 el\u00a0tema de jardines terap\u00e9uticos. Gracias a todos los asistentes y colaboradores que hicieron posible este espacio de aprendizaje y enriquecimiento para la biodiversidad. sostenibilidad y el bienestar de nuestra comunidad.<\/p>\n","protected":false},"excerpt":{"rendered":"<p>Con gran satisfacci\u00f3n, culminamos el evento Agenda Paralela COP16, que se llev\u00f3 a cabo del 23 al 26 de octubre de 2024 en las instalaciones del Club del Departamento de la Gobernaci\u00f3n del Valle. Durante estos d\u00edas, contamos con la destacada participaci\u00f3n de ambientalistas, profesores, l\u00edderes de la comunidad, congresistas y el Director de Planeaci\u00f3n Nacional, adem\u00e1s de nuestra gerente, la Dra. Mar\u00eda Fernanda Burgos Castillo, quien particip\u00f3 como ponente y abord\u00f3 el\u00a0tema de jardines terap\u00e9uticos. Gracias a todos los asistentes y colaboradores que hicieron posible este espacio de aprendizaje y enriquecimiento para la biodiversidad. sostenibilidad y el bienestar de nuestra comunidad.<\/p>\n","protected":false},"author":2,"featured_media":6534,"comment_status":"open","ping_status":"open","sticky":false,"template":"","format":"standard","meta":{"footnotes":""},"categories":[8],"tags":[],"_links":{"self":[{"href":"https:\/\/psiquiatricocali.gov.co\/wp\/wp-json\/wp\/v2\/posts\/6532"}],"collection":[{"href":"https:\/\/psiquiatricocali.gov.co\/wp\/wp-json\/wp\/v2\/posts"}],"about":[{"href":"https:\/\/psiquiatricocali.gov.co\/wp\/wp-json\/wp\/v2\/types\/post"}],"author":[{"embeddable":true,"href":"https:\/\/psiquiatricocali.gov.co\/wp\/wp-json\/wp\/v2\/users\/2"}],"replies":[{"embeddable":true,"href":"https:\/\/psiquiatricocali.gov.co\/wp\/wp-json\/wp\/v2\/comments?post=6532"}],"version-history":[{"count":1,"href":"https:\/\/psiquiatricocali.gov.co\/wp\/wp-json\/wp\/v2\/posts\/6532\/revisions"}],"predecessor-version":[{"id":6535,"href":"https:\/\/psiquiatricocali.gov.co\/wp\/wp-json\/wp\/v2\/posts\/6532\/revisions\/6535"}],"wp:featuredmedia":[{"embeddable":true,"href":"https:\/\/psiquiatricocali.gov.co\/wp\/wp-json\/wp\/v2\/media\/6534"}],"wp:attachment":[{"href":"https:\/\/psiquiatricocali.gov.co\/wp\/wp-json\/wp\/v2\/media?parent=6532"}],"wp:term":[{"taxonomy":"category","embeddable":true,"href":"https:\/\/psiquiatricocali.gov.co\/wp\/wp-json\/wp\/v2\/categories?post=6532"},{"taxonomy":"post_tag","embeddable":true,"href":"https:\/\/psiquiatricocali.gov.co\/wp\/wp-json\/wp\/v2\/tags?post=6532"}],"curies":[{"name":"wp","href":"https:\/\/api.w.org\/{rel}","templated":true}]}}